
    {"id":1961,"date":"2020-05-01T18:49:39","date_gmt":"2020-05-01T18:49:39","guid":{"rendered":""},"modified":"-0001-11-30T00:00:00","modified_gmt":"-0001-11-29T22:00:00","slug":"","status":"publish","type":"post","link":"https:\/\/typo.uni-konstanz.de\/rara\/universals-archive\/1961\/","title":{"rendered":"Universal 1955:"},"content":{"rendered":"<h3>Universal 1955: <\/h3>\n<dl>\n<dt>Original<\/dt>\n<dd>&#8230; musikalische[r] Ton &#8230; kann deshalb nur mit mit Vokalen und stimmhaften Konsonanten verbunden werden. Der Ausfall der Vokale ist hier also ungew\u00f6hnlich. Infolgedessen sind dann Konsonantenverbindungen selten. &#8230; Konsonantischer Silbenschlu\u00df kommt, abgesehen von Nasalen, deshalb in diesen Sprachen nicht vor.<br \/> Unter der Herrschaft des St\u00e4rkeakzents &#8230; treten nun in anderen Sprachen ganz andere Erscheinungen auf. Unbetonte Vokale werden verfl\u00fcchtigt, konsonantischer Silbenschlu\u00df und Wortschlu\u00df wird dadurch zur Gewohnheit, man lernt vokallose Konsonanten auszusprechen, so da\u00df schlie\u00dflich eigentlich jeder Konsonant mit jedem verbunden werden kann. &#8230; Es versteht sich nun von selbst, da\u00df diese Konsonanten, die so vokallos aufeinander folgen, sich gegenseitig in ihrer Artikulation st\u00f6ren. [Assimilationen, Dissimilationen, st\u00e4rkere Artikulation in Drucksilbe]<\/dd>\n<dt>Standardized<\/dt>\n<dd>IF there is tone rather than stress accent, THEN there are no\/few consonant clusters and no closed syllables other than ones closed by a nasal;<br \/>IF there is stress accent rather than tone, THEN there will be consonant clusters and closed syllables, and much word-internal assimilation and dissimilation among consonants and other consonantal processes (such as articulatory strengthening in stressed syllables).<\/dd>\n<dt>Keywords<\/dt>\n<dd>tone, stress accent, syllable structure, consonant cluster, assimilation, dissimilation<\/dd>\n<dt>Domain<\/dt>\n<dd>phonology<\/dd>\n<dt>Type<\/dt>\n<dd>implication<\/dd>\n<dt>Status<\/dt>\n<dd>achronic but presumably diachronically motivated<\/dd>\n<dt>Quality<\/dt>\n<dd>statistical<\/dd>\n<dt>Basis<\/dt>\n<dd>primarily Meinhof&#8217;s &#8220;Semiten-&#8221; and &#8220;Hamitensprachen&#8221; in comparison with other lgs of Africa and of Europe<\/dd>\n<dt>Source<\/dt>\n<dd><a class=\"reference\" href=\"..\/references#Meinhof_1936\">Meinhof 1936<\/a>: 41-42<\/dd>\n<\/dl>\n<dl>\n<dt>Counterexamples<\/dt>\n<dd><\/dd>\n<\/dl>\n","protected":false},"excerpt":{"rendered":"<p>Universal 1955: Original &#8230; musikalische[r] Ton &#8230; kann deshalb nur mit mit Vokalen und stimmhaften Konsonanten verbunden werden. Der Ausfall der Vokale ist hier also&#8230;<\/p>\n<div class=\"more-link-wrapper\"><a class=\"more-link\" href=\"https:\/\/typo.uni-konstanz.de\/rara\/universals-archive\/1961\/\">Read more<span class=\"screen-reader-text\">Universal 1955:<\/span><\/a><\/div>\n","protected":false},"author":2,"featured_media":0,"comment_status":"closed","ping_status":"open","sticky":false,"template":"","format":"standard","meta":{"footnotes":""},"categories":[346],"tags":[],"class_list":["post-1961","post","type-post","status-publish","format-standard","hentry","category-universals-archive","entry"],"_links":{"self":[{"href":"https:\/\/typo.uni-konstanz.de\/rara\/wp-json\/wp\/v2\/posts\/1961","targetHints":{"allow":["GET"]}}],"collection":[{"href":"https:\/\/typo.uni-konstanz.de\/rara\/wp-json\/wp\/v2\/posts"}],"about":[{"href":"https:\/\/typo.uni-konstanz.de\/rara\/wp-json\/wp\/v2\/types\/post"}],"author":[{"embeddable":true,"href":"https:\/\/typo.uni-konstanz.de\/rara\/wp-json\/wp\/v2\/users\/2"}],"replies":[{"embeddable":true,"href":"https:\/\/typo.uni-konstanz.de\/rara\/wp-json\/wp\/v2\/comments?post=1961"}],"version-history":[{"count":0,"href":"https:\/\/typo.uni-konstanz.de\/rara\/wp-json\/wp\/v2\/posts\/1961\/revisions"}],"wp:attachment":[{"href":"https:\/\/typo.uni-konstanz.de\/rara\/wp-json\/wp\/v2\/media?parent=1961"}],"wp:term":[{"taxonomy":"category","embeddable":true,"href":"https:\/\/typo.uni-konstanz.de\/rara\/wp-json\/wp\/v2\/categories?post=1961"},{"taxonomy":"post_tag","embeddable":true,"href":"https:\/\/typo.uni-konstanz.de\/rara\/wp-json\/wp\/v2\/tags?post=1961"}],"curies":[{"name":"wp","href":"https:\/\/api.w.org\/{rel}","templated":true}]}}